{"id":7744,"date":"2020-05-26T10:49:50","date_gmt":"2020-05-26T10:49:50","guid":{"rendered":"https:\/\/blog.turismotorremolinos.es\/?p=7744"},"modified":"2022-12-27T10:49:12","modified_gmt":"2022-12-27T10:49:12","slug":"10-dingen-die-je-niet-wist-over-torremolinos","status":"publish","type":"post","link":"https:\/\/blog.turismotorremolinos.es\/nl\/10-dingen-die-je-niet-wist-over-torremolinos\/","title":{"rendered":"10 dingen die je niet wist over Torremolinos"},"content":{"rendered":"<div data-elementor-type=\"wp-post\" data-elementor-id=\"7744\" class=\"elementor elementor-7744\">\n\t\t\t\t\t\t<div class=\"elementor-inner\">\n\t\t\t\t<div class=\"elementor-section-wrap\">\n\t\t\t\t\t\t\t\t\t<section class=\"elementor-section elementor-top-section elementor-element elementor-element-17838fb elementor-section-boxed elementor-section-height-default elementor-section-height-default\" data-id=\"17838fb\" data-element_type=\"section\">\n\t\t\t\t\t\t<div class=\"elementor-container elementor-column-gap-default\">\n\t\t\t\t\t\t\t<div class=\"elementor-row\">\n\t\t\t\t\t<div class=\"elementor-column elementor-col-100 elementor-top-column elementor-element elementor-element-c895d16\" data-id=\"c895d16\" data-element_type=\"column\">\n\t\t\t<div class=\"elementor-column-wrap elementor-element-populated\">\n\t\t\t\t\t\t\t<div class=\"elementor-widget-wrap\">\n\t\t\t\t\t\t<div class=\"elementor-element elementor-element-601da9d elementor-widget elementor-widget-text-editor\" data-id=\"601da9d\" data-element_type=\"widget\" data-widget_type=\"text-editor.default\">\n\t\t\t\t<div class=\"elementor-widget-container\">\n\t\t\t\t\t\t\t\t<div class=\"elementor-text-editor elementor-clearfix\">\n\t\t\t\t<p><strong>Torremolinos is ongetwijfeld \u00e9\u00e9n van uw favoriete bestemmingen om op vakantie te komen, dankzij de pioniersgeest, de grote vriendelijkheid van de mensen, de infrastructuur die ontworpen is om van alles voor iedereen te genieten en het uitgebreide activiteitenprogramma. Maar onze stad is veel meer, dankzij haar geschiedenis, soms niet zo bekend, waardoor ze het icoon is geworden dat ze vandaag is.<\/strong><\/p><p><strong>Daarom ontdekken we in deze blog 10 dingen die je niet wist over Torremolinos, zodat je voor je bezoek aan onze stad goed op de hoogte bent van alles wat er is en is geweest.<\/strong><\/p>\t\t\t\t\t<\/div>\n\t\t\t\t\t\t<\/div>\n\t\t\t\t<\/div>\n\t\t\t\t<section class=\"elementor-section elementor-inner-section elementor-element elementor-element-094f700 elementor-section-boxed elementor-section-height-default elementor-section-height-default\" data-id=\"094f700\" data-element_type=\"section\">\n\t\t\t\t\t\t<div class=\"elementor-container elementor-column-gap-default\">\n\t\t\t\t\t\t\t<div class=\"elementor-row\">\n\t\t\t\t\t<div class=\"elementor-column elementor-col-50 elementor-inner-column elementor-element elementor-element-016c462\" data-id=\"016c462\" data-element_type=\"column\">\n\t\t\t<div class=\"elementor-column-wrap elementor-element-populated\">\n\t\t\t\t\t\t\t<div class=\"elementor-widget-wrap\">\n\t\t\t\t\t\t<div class=\"elementor-element elementor-element-1714cdc elementor-widget elementor-widget-image\" data-id=\"1714cdc\" data-element_type=\"widget\" data-widget_type=\"image.default\">\n\t\t\t\t<div class=\"elementor-widget-container\">\n\t\t\t\t\t\t\t\t<div class=\"elementor-image\">\n\t\t\t\t\t\t\t\t\t\t\t\t<img decoding=\"async\" src=\"https:\/\/blog.turismotorremolinos.es\/wp-content\/uploads\/2020\/05\/Blog-10-cosas-que-no-sabias-de-Torremolinos-Pimentel-1.jpg\" title=\"\" alt=\"\" loading=\"lazy\" \/>\t\t\t\t\t\t\t\t\t\t\t\t\t\t<\/div>\n\t\t\t\t\t\t<\/div>\n\t\t\t\t<\/div>\n\t\t\t\t\t\t<\/div>\n\t\t\t\t\t<\/div>\n\t\t<\/div>\n\t\t\t\t<div class=\"elementor-column elementor-col-50 elementor-inner-column elementor-element elementor-element-b016317\" data-id=\"b016317\" data-element_type=\"column\">\n\t\t\t<div class=\"elementor-column-wrap elementor-element-populated\">\n\t\t\t\t\t\t\t<div class=\"elementor-widget-wrap\">\n\t\t\t\t\t\t<div class=\"elementor-element elementor-element-c395eed elementor-widget elementor-widget-text-editor\" data-id=\"c395eed\" data-element_type=\"widget\" data-widget_type=\"text-editor.default\">\n\t\t\t\t<div class=\"elementor-widget-container\">\n\t\t\t\t\t\t\t\t<div class=\"elementor-text-editor elementor-clearfix\">\n\t\t\t\t<h2><span style=\"color: #000000; font-family: Arial, Arial, Tahoma, sans-serif; font-size: 30px; font-weight: 300; letter-spacing: 0px;\">1.<\/span><strong>De naam is te danken aan de toren Torre de los Molinos of Torre Pimentel<\/strong><\/h2><p>Torremolinos was de wieg van een grote maalindustrie, geboren rond de sterkte afgeleid van het water van de bronnen. Rond de Pimentel-toren, die tussen de 13e en 14e eeuw door de Nasrid-moslimdynastie werd gebouwd, stonden verschillende molens. Daarom staat de Pimentel-toren ook bekend als Torre de los Molinos, een grote toren van ongeveer 12 meter hoog die werd gebruikt als uitkijktoren aan de kust.<\/p>\t\t\t\t\t<\/div>\n\t\t\t\t\t\t<\/div>\n\t\t\t\t<\/div>\n\t\t\t\t\t\t<\/div>\n\t\t\t\t\t<\/div>\n\t\t<\/div>\n\t\t\t\t\t\t\t\t<\/div>\n\t\t\t\t\t<\/div>\n\t\t<\/section>\n\t\t\t\t<section class=\"elementor-section elementor-inner-section elementor-element elementor-element-b79b07d elementor-section-boxed elementor-section-height-default elementor-section-height-default\" data-id=\"b79b07d\" data-element_type=\"section\">\n\t\t\t\t\t\t<div class=\"elementor-container elementor-column-gap-default\">\n\t\t\t\t\t\t\t<div class=\"elementor-row\">\n\t\t\t\t\t<div class=\"elementor-column elementor-col-100 elementor-inner-column elementor-element elementor-element-154ff73\" data-id=\"154ff73\" data-element_type=\"column\">\n\t\t\t<div class=\"elementor-column-wrap elementor-element-populated\">\n\t\t\t\t\t\t\t<div class=\"elementor-widget-wrap\">\n\t\t\t\t\t\t<div class=\"elementor-element elementor-element-80226f2 elementor-widget elementor-widget-image\" data-id=\"80226f2\" data-element_type=\"widget\" data-widget_type=\"image.default\">\n\t\t\t\t<div class=\"elementor-widget-container\">\n\t\t\t\t\t\t\t\t<div class=\"elementor-image\">\n\t\t\t\t\t\t\t\t\t\t\t\t<img decoding=\"async\" width=\"960\" height=\"500\" src=\"https:\/\/blog.turismotorremolinos.es\/wp-content\/uploads\/2020\/01\/Blog-20-sitios-para-sonreir-en-Torremolinos-Parte-II-poirtada.jpg\" class=\"attachment-large size-large wp-image-6316\" alt=\"\" loading=\"lazy\" srcset=\"https:\/\/blog.turismotorremolinos.es\/wp-content\/uploads\/2020\/01\/Blog-20-sitios-para-sonreir-en-Torremolinos-Parte-II-poirtada.jpg 960w, https:\/\/blog.turismotorremolinos.es\/wp-content\/uploads\/2020\/01\/Blog-20-sitios-para-sonreir-en-Torremolinos-Parte-II-poirtada-300x156.jpg 300w, https:\/\/blog.turismotorremolinos.es\/wp-content\/uploads\/2020\/01\/Blog-20-sitios-para-sonreir-en-Torremolinos-Parte-II-poirtada-768x400.jpg 768w, https:\/\/blog.turismotorremolinos.es\/wp-content\/uploads\/2020\/01\/Blog-20-sitios-para-sonreir-en-Torremolinos-Parte-II-poirtada-260x135.jpg 260w, https:\/\/blog.turismotorremolinos.es\/wp-content\/uploads\/2020\/01\/Blog-20-sitios-para-sonreir-en-Torremolinos-Parte-II-poirtada-50x26.jpg 50w, https:\/\/blog.turismotorremolinos.es\/wp-content\/uploads\/2020\/01\/Blog-20-sitios-para-sonreir-en-Torremolinos-Parte-II-poirtada-144x75.jpg 144w\" sizes=\"(max-width: 960px) 100vw, 960px\" \/>\t\t\t\t\t\t\t\t\t\t\t\t\t\t<\/div>\n\t\t\t\t\t\t<\/div>\n\t\t\t\t<\/div>\n\t\t\t\t<div class=\"elementor-element elementor-element-9bd1a6c elementor-widget elementor-widget-text-editor\" data-id=\"9bd1a6c\" data-element_type=\"widget\" data-widget_type=\"text-editor.default\">\n\t\t\t\t<div class=\"elementor-widget-container\">\n\t\t\t\t\t\t\t\t<div class=\"elementor-text-editor elementor-clearfix\">\n\t\t\t\t<h2>2. <strong>Persoonlijkheden van over de hele wereld en van alle gebieden zijn verliefd geworden op Torremolinos<\/strong><\/h2><p>Onze stad is een trouwe ontvanger geweest van allerlei persoonlijkheden. Van de jaren 1950 tot de jaren 1990 werd Torremolinos de favoriete bestemming voor filmartiesten, geweldige muzikanten en allerlei persoonlijkheden. Velen van hun zie je nu weerspiegeld in de muren van de stad, op de straatkunstroute, vermits in Torremolinos de muren weerspiegelen de geschiedenis van dezen die het hebben gemaakt. Brigitte Bardot en haar ezel Romeo, die ze boven naar haar hotelkamer probeerde te brengen; Frank Sinatra en zijn stem, die een zeer beroemde ruzie in Hotel Pez Espada gehad heeft; Salvador Dal\u00ed en zijn vrouw Gala, die hier in Torremolinos de hoofdrol gehad heeft in de eerste gedocumenteerde topless in de geschiedenis van Spanje; Ava Gardner, Grace Kelly en Rainiero di\u00a0 Monaco, Marlon Brando, John Lennon en een hele reeks bekende namen die op een dag verliefd werden op Torremolinos.<\/p>\t\t\t\t\t<\/div>\n\t\t\t\t\t\t<\/div>\n\t\t\t\t<\/div>\n\t\t\t\t\t\t<\/div>\n\t\t\t\t\t<\/div>\n\t\t<\/div>\n\t\t\t\t\t\t\t\t<\/div>\n\t\t\t\t\t<\/div>\n\t\t<\/section>\n\t\t\t\t<section class=\"elementor-section elementor-inner-section elementor-element elementor-element-0d6cef5 elementor-section-boxed elementor-section-height-default elementor-section-height-default\" data-id=\"0d6cef5\" data-element_type=\"section\">\n\t\t\t\t\t\t<div class=\"elementor-container elementor-column-gap-default\">\n\t\t\t\t\t\t\t<div class=\"elementor-row\">\n\t\t\t\t\t<div class=\"elementor-column elementor-col-50 elementor-inner-column elementor-element elementor-element-84af5f7\" data-id=\"84af5f7\" data-element_type=\"column\">\n\t\t\t<div class=\"elementor-column-wrap elementor-element-populated\">\n\t\t\t\t\t\t\t<div class=\"elementor-widget-wrap\">\n\t\t\t\t\t\t<div class=\"elementor-element elementor-element-54da0c2 elementor-widget elementor-widget-image\" data-id=\"54da0c2\" data-element_type=\"widget\" data-widget_type=\"image.default\">\n\t\t\t\t<div class=\"elementor-widget-container\">\n\t\t\t\t\t\t\t\t<div class=\"elementor-image\">\n\t\t\t\t\t\t\t\t\t\t\t\t<img decoding=\"async\" width=\"800\" height=\"800\" src=\"https:\/\/blog.turismotorremolinos.es\/wp-content\/uploads\/2020\/04\/Blog-20-sitios-para-sonreir-en-Torremolinos-Parte-I-Plaxza-Costa-del-Sol.jpg\" class=\"attachment-large size-large wp-image-7294\" alt=\"\" loading=\"lazy\" srcset=\"https:\/\/blog.turismotorremolinos.es\/wp-content\/uploads\/2020\/04\/Blog-20-sitios-para-sonreir-en-Torremolinos-Parte-I-Plaxza-Costa-del-Sol.jpg 800w, https:\/\/blog.turismotorremolinos.es\/wp-content\/uploads\/2020\/04\/Blog-20-sitios-para-sonreir-en-Torremolinos-Parte-I-Plaxza-Costa-del-Sol-150x150.jpg 150w, https:\/\/blog.turismotorremolinos.es\/wp-content\/uploads\/2020\/04\/Blog-20-sitios-para-sonreir-en-Torremolinos-Parte-I-Plaxza-Costa-del-Sol-300x300.jpg 300w, https:\/\/blog.turismotorremolinos.es\/wp-content\/uploads\/2020\/04\/Blog-20-sitios-para-sonreir-en-Torremolinos-Parte-I-Plaxza-Costa-del-Sol-768x768.jpg 768w, https:\/\/blog.turismotorremolinos.es\/wp-content\/uploads\/2020\/04\/Blog-20-sitios-para-sonreir-en-Torremolinos-Parte-I-Plaxza-Costa-del-Sol-146x146.jpg 146w, https:\/\/blog.turismotorremolinos.es\/wp-content\/uploads\/2020\/04\/Blog-20-sitios-para-sonreir-en-Torremolinos-Parte-I-Plaxza-Costa-del-Sol-50x50.jpg 50w, https:\/\/blog.turismotorremolinos.es\/wp-content\/uploads\/2020\/04\/Blog-20-sitios-para-sonreir-en-Torremolinos-Parte-I-Plaxza-Costa-del-Sol-75x75.jpg 75w, https:\/\/blog.turismotorremolinos.es\/wp-content\/uploads\/2020\/04\/Blog-20-sitios-para-sonreir-en-Torremolinos-Parte-I-Plaxza-Costa-del-Sol-85x85.jpg 85w, https:\/\/blog.turismotorremolinos.es\/wp-content\/uploads\/2020\/04\/Blog-20-sitios-para-sonreir-en-Torremolinos-Parte-I-Plaxza-Costa-del-Sol-80x80.jpg 80w, https:\/\/blog.turismotorremolinos.es\/wp-content\/uploads\/2020\/04\/Blog-20-sitios-para-sonreir-en-Torremolinos-Parte-I-Plaxza-Costa-del-Sol-500x500.jpg 500w\" sizes=\"(max-width: 800px) 100vw, 800px\" \/>\t\t\t\t\t\t\t\t\t\t\t\t\t\t<\/div>\n\t\t\t\t\t\t<\/div>\n\t\t\t\t<\/div>\n\t\t\t\t\t\t<\/div>\n\t\t\t\t\t<\/div>\n\t\t<\/div>\n\t\t\t\t<div class=\"elementor-column elementor-col-50 elementor-inner-column elementor-element elementor-element-05d0bf1\" data-id=\"05d0bf1\" data-element_type=\"column\">\n\t\t\t<div class=\"elementor-column-wrap elementor-element-populated\">\n\t\t\t\t\t\t\t<div class=\"elementor-widget-wrap\">\n\t\t\t\t\t\t<div class=\"elementor-element elementor-element-b05378e elementor-widget elementor-widget-text-editor\" data-id=\"b05378e\" data-element_type=\"widget\" data-widget_type=\"text-editor.default\">\n\t\t\t\t<div class=\"elementor-widget-container\">\n\t\t\t\t\t\t\t\t<div class=\"elementor-text-editor elementor-clearfix\">\n\t\t\t\t<h2>3.<strong>Gedurende een bepaalde tijd behoorde het tot Malaga<\/strong><\/h2><p>Voor degenen onder u die jong zijn of de geschiedenis van Malaga en onze stad niet kennen, moet u weten dat Torremolinos deel uitmaakte van Malaga sinds 1924 tot 1988. In het jaar 1924 vroegen de meeste inwoners van de stad de annexatie met de hoofdstad wegens de ernstige economische situatie waarin de stad zich bevond. Zestig jaar later, op 27 september 1988, werd Torremolinos de 100e gemeente in de provincie Malaga.<\/p>\t\t\t\t\t<\/div>\n\t\t\t\t\t\t<\/div>\n\t\t\t\t<\/div>\n\t\t\t\t\t\t<\/div>\n\t\t\t\t\t<\/div>\n\t\t<\/div>\n\t\t\t\t\t\t\t\t<\/div>\n\t\t\t\t\t<\/div>\n\t\t<\/section>\n\t\t\t\t<section class=\"elementor-section elementor-inner-section elementor-element elementor-element-3b31b6e elementor-section-boxed elementor-section-height-default elementor-section-height-default\" data-id=\"3b31b6e\" data-element_type=\"section\">\n\t\t\t\t\t\t<div class=\"elementor-container elementor-column-gap-default\">\n\t\t\t\t\t\t\t<div class=\"elementor-row\">\n\t\t\t\t\t<div class=\"elementor-column elementor-col-50 elementor-inner-column elementor-element elementor-element-6939061\" data-id=\"6939061\" data-element_type=\"column\">\n\t\t\t<div class=\"elementor-column-wrap elementor-element-populated\">\n\t\t\t\t\t\t\t<div class=\"elementor-widget-wrap\">\n\t\t\t\t\t\t<div class=\"elementor-element elementor-element-bbb83a6 elementor-widget elementor-widget-text-editor\" data-id=\"bbb83a6\" data-element_type=\"widget\" data-widget_type=\"text-editor.default\">\n\t\t\t\t<div class=\"elementor-widget-container\">\n\t\t\t\t\t\t\t\t<div class=\"elementor-text-editor elementor-clearfix\">\n\t\t\t\t<h2>4. <strong>Het dagelijks samenleven van meer dan 120 nationaliteiten<\/strong><\/h2><p>Torremolinos is zonder twijfel een kosmopolitische en open stad waar dagelijks meer dan 120 verschillende nationaliteiten naast elkaar bestaan. Het gewicht van de gemeenschap van buitenlandse inwoners in onze stad is zo groot dat Torremolinos ze elk jaar een eerbetoon brengt met de viering van de Dag van de Buitenlandse Inwoners, die al 25 jaar wordt gevierd.<\/p><p>En is dat in Torremolinos volgens de laatste volkstelling gegevens, 21 procent van de bevolking zijn buitenlander en uit verschillende landen, wat de stad een grote multiculturalisme geeft en daarmee haar gebruiken en tradities uitgebreid.<\/p>\t\t\t\t\t<\/div>\n\t\t\t\t\t\t<\/div>\n\t\t\t\t<\/div>\n\t\t\t\t\t\t<\/div>\n\t\t\t\t\t<\/div>\n\t\t<\/div>\n\t\t\t\t<div class=\"elementor-column elementor-col-50 elementor-inner-column elementor-element elementor-element-804ed31\" data-id=\"804ed31\" data-element_type=\"column\">\n\t\t\t<div class=\"elementor-column-wrap elementor-element-populated\">\n\t\t\t\t\t\t\t<div class=\"elementor-widget-wrap\">\n\t\t\t\t\t\t<div class=\"elementor-element elementor-element-f9fd0b9 elementor-widget elementor-widget-image\" data-id=\"f9fd0b9\" data-element_type=\"widget\" data-widget_type=\"image.default\">\n\t\t\t\t<div class=\"elementor-widget-container\">\n\t\t\t\t\t\t\t\t<div class=\"elementor-image\">\n\t\t\t\t\t\t\t\t\t\t\t\t<img decoding=\"async\" width=\"800\" height=\"800\" src=\"https:\/\/blog.turismotorremolinos.es\/wp-content\/uploads\/2020\/05\/Blog-20-sitios-para-sonreir-en-Torremolinos-calle-san-miguel.jpg\" class=\"attachment-large size-large wp-image-7405\" alt=\"\" loading=\"lazy\" srcset=\"https:\/\/blog.turismotorremolinos.es\/wp-content\/uploads\/2020\/05\/Blog-20-sitios-para-sonreir-en-Torremolinos-calle-san-miguel.jpg 800w, https:\/\/blog.turismotorremolinos.es\/wp-content\/uploads\/2020\/05\/Blog-20-sitios-para-sonreir-en-Torremolinos-calle-san-miguel-150x150.jpg 150w, https:\/\/blog.turismotorremolinos.es\/wp-content\/uploads\/2020\/05\/Blog-20-sitios-para-sonreir-en-Torremolinos-calle-san-miguel-300x300.jpg 300w, https:\/\/blog.turismotorremolinos.es\/wp-content\/uploads\/2020\/05\/Blog-20-sitios-para-sonreir-en-Torremolinos-calle-san-miguel-768x768.jpg 768w, https:\/\/blog.turismotorremolinos.es\/wp-content\/uploads\/2020\/05\/Blog-20-sitios-para-sonreir-en-Torremolinos-calle-san-miguel-146x146.jpg 146w, https:\/\/blog.turismotorremolinos.es\/wp-content\/uploads\/2020\/05\/Blog-20-sitios-para-sonreir-en-Torremolinos-calle-san-miguel-50x50.jpg 50w, https:\/\/blog.turismotorremolinos.es\/wp-content\/uploads\/2020\/05\/Blog-20-sitios-para-sonreir-en-Torremolinos-calle-san-miguel-75x75.jpg 75w, https:\/\/blog.turismotorremolinos.es\/wp-content\/uploads\/2020\/05\/Blog-20-sitios-para-sonreir-en-Torremolinos-calle-san-miguel-85x85.jpg 85w, https:\/\/blog.turismotorremolinos.es\/wp-content\/uploads\/2020\/05\/Blog-20-sitios-para-sonreir-en-Torremolinos-calle-san-miguel-80x80.jpg 80w, https:\/\/blog.turismotorremolinos.es\/wp-content\/uploads\/2020\/05\/Blog-20-sitios-para-sonreir-en-Torremolinos-calle-san-miguel-500x500.jpg 500w\" sizes=\"(max-width: 800px) 100vw, 800px\" \/>\t\t\t\t\t\t\t\t\t\t\t\t\t\t<\/div>\n\t\t\t\t\t\t<\/div>\n\t\t\t\t<\/div>\n\t\t\t\t\t\t<\/div>\n\t\t\t\t\t<\/div>\n\t\t<\/div>\n\t\t\t\t\t\t\t\t<\/div>\n\t\t\t\t\t<\/div>\n\t\t<\/section>\n\t\t\t\t<section class=\"elementor-section elementor-inner-section elementor-element elementor-element-f845cb8 elementor-section-boxed elementor-section-height-default elementor-section-height-default\" data-id=\"f845cb8\" data-element_type=\"section\">\n\t\t\t\t\t\t<div class=\"elementor-container elementor-column-gap-default\">\n\t\t\t\t\t\t\t<div class=\"elementor-row\">\n\t\t\t\t\t<div class=\"elementor-column elementor-col-50 elementor-inner-column elementor-element elementor-element-e228f0f\" data-id=\"e228f0f\" data-element_type=\"column\">\n\t\t\t<div class=\"elementor-column-wrap elementor-element-populated\">\n\t\t\t\t\t\t\t<div class=\"elementor-widget-wrap\">\n\t\t\t\t\t\t<div class=\"elementor-element elementor-element-c690d14 elementor-widget elementor-widget-image\" data-id=\"c690d14\" data-element_type=\"widget\" data-widget_type=\"image.default\">\n\t\t\t\t<div class=\"elementor-widget-container\">\n\t\t\t\t\t\t\t\t<div class=\"elementor-image\">\n\t\t\t\t\t\t\t\t\t\t\t\t<img decoding=\"async\" width=\"800\" height=\"800\" src=\"https:\/\/blog.turismotorremolinos.es\/wp-content\/uploads\/2020\/01\/Blog-20-sitios-para-sonreir-en-Torremolinos-Parte-II-La-Carihuela.jpg\" class=\"attachment-large size-large wp-image-6314\" alt=\"\" loading=\"lazy\" srcset=\"https:\/\/blog.turismotorremolinos.es\/wp-content\/uploads\/2020\/01\/Blog-20-sitios-para-sonreir-en-Torremolinos-Parte-II-La-Carihuela.jpg 800w, https:\/\/blog.turismotorremolinos.es\/wp-content\/uploads\/2020\/01\/Blog-20-sitios-para-sonreir-en-Torremolinos-Parte-II-La-Carihuela-150x150.jpg 150w, https:\/\/blog.turismotorremolinos.es\/wp-content\/uploads\/2020\/01\/Blog-20-sitios-para-sonreir-en-Torremolinos-Parte-II-La-Carihuela-300x300.jpg 300w, https:\/\/blog.turismotorremolinos.es\/wp-content\/uploads\/2020\/01\/Blog-20-sitios-para-sonreir-en-Torremolinos-Parte-II-La-Carihuela-768x768.jpg 768w, https:\/\/blog.turismotorremolinos.es\/wp-content\/uploads\/2020\/01\/Blog-20-sitios-para-sonreir-en-Torremolinos-Parte-II-La-Carihuela-146x146.jpg 146w, https:\/\/blog.turismotorremolinos.es\/wp-content\/uploads\/2020\/01\/Blog-20-sitios-para-sonreir-en-Torremolinos-Parte-II-La-Carihuela-50x50.jpg 50w, https:\/\/blog.turismotorremolinos.es\/wp-content\/uploads\/2020\/01\/Blog-20-sitios-para-sonreir-en-Torremolinos-Parte-II-La-Carihuela-75x75.jpg 75w, https:\/\/blog.turismotorremolinos.es\/wp-content\/uploads\/2020\/01\/Blog-20-sitios-para-sonreir-en-Torremolinos-Parte-II-La-Carihuela-85x85.jpg 85w, https:\/\/blog.turismotorremolinos.es\/wp-content\/uploads\/2020\/01\/Blog-20-sitios-para-sonreir-en-Torremolinos-Parte-II-La-Carihuela-80x80.jpg 80w, https:\/\/blog.turismotorremolinos.es\/wp-content\/uploads\/2020\/01\/Blog-20-sitios-para-sonreir-en-Torremolinos-Parte-II-La-Carihuela-500x500.jpg 500w\" sizes=\"(max-width: 800px) 100vw, 800px\" \/>\t\t\t\t\t\t\t\t\t\t\t\t\t\t<\/div>\n\t\t\t\t\t\t<\/div>\n\t\t\t\t<\/div>\n\t\t\t\t\t\t<\/div>\n\t\t\t\t\t<\/div>\n\t\t<\/div>\n\t\t\t\t<div class=\"elementor-column elementor-col-50 elementor-inner-column elementor-element elementor-element-1dd4697\" data-id=\"1dd4697\" data-element_type=\"column\">\n\t\t\t<div class=\"elementor-column-wrap elementor-element-populated\">\n\t\t\t\t\t\t\t<div class=\"elementor-widget-wrap\">\n\t\t\t\t\t\t<div class=\"elementor-element elementor-element-88c90f6 elementor-widget elementor-widget-image\" data-id=\"88c90f6\" data-element_type=\"widget\" data-widget_type=\"image.default\">\n\t\t\t\t<div class=\"elementor-widget-container\">\n\t\t\t\t\t\t\t\t<div class=\"elementor-image\">\n\t\t\t\t\t\t\t\t\t\t\t\t<img decoding=\"async\" width=\"500\" height=\"500\" src=\"https:\/\/blog.turismotorremolinos.es\/wp-content\/uploads\/2020\/02\/blog-san-valentin_5.jpg\" class=\"attachment-large size-large wp-image-8040\" alt=\"\" loading=\"lazy\" srcset=\"https:\/\/blog.turismotorremolinos.es\/wp-content\/uploads\/2020\/02\/blog-san-valentin_5.jpg 500w, https:\/\/blog.turismotorremolinos.es\/wp-content\/uploads\/2020\/02\/blog-san-valentin_5-150x150.jpg 150w, https:\/\/blog.turismotorremolinos.es\/wp-content\/uploads\/2020\/02\/blog-san-valentin_5-300x300.jpg 300w, https:\/\/blog.turismotorremolinos.es\/wp-content\/uploads\/2020\/02\/blog-san-valentin_5-146x146.jpg 146w, https:\/\/blog.turismotorremolinos.es\/wp-content\/uploads\/2020\/02\/blog-san-valentin_5-50x50.jpg 50w, https:\/\/blog.turismotorremolinos.es\/wp-content\/uploads\/2020\/02\/blog-san-valentin_5-75x75.jpg 75w, https:\/\/blog.turismotorremolinos.es\/wp-content\/uploads\/2020\/02\/blog-san-valentin_5-85x85.jpg 85w, https:\/\/blog.turismotorremolinos.es\/wp-content\/uploads\/2020\/02\/blog-san-valentin_5-80x80.jpg 80w\" sizes=\"(max-width: 500px) 100vw, 500px\" \/>\t\t\t\t\t\t\t\t\t\t\t\t\t\t<\/div>\n\t\t\t\t\t\t<\/div>\n\t\t\t\t<\/div>\n\t\t\t\t\t\t<\/div>\n\t\t\t\t\t<\/div>\n\t\t<\/div>\n\t\t\t\t\t\t\t\t<\/div>\n\t\t\t\t\t<\/div>\n\t\t<\/section>\n\t\t\t\t<section class=\"elementor-section elementor-inner-section elementor-element elementor-element-70977dd elementor-section-boxed elementor-section-height-default elementor-section-height-default\" data-id=\"70977dd\" data-element_type=\"section\">\n\t\t\t\t\t\t<div class=\"elementor-container elementor-column-gap-default\">\n\t\t\t\t\t\t\t<div class=\"elementor-row\">\n\t\t\t\t\t<div class=\"elementor-column elementor-col-100 elementor-inner-column elementor-element elementor-element-3b62abd\" data-id=\"3b62abd\" data-element_type=\"column\">\n\t\t\t<div class=\"elementor-column-wrap elementor-element-populated\">\n\t\t\t\t\t\t\t<div class=\"elementor-widget-wrap\">\n\t\t\t\t\t\t<div class=\"elementor-element elementor-element-a05a1ad elementor-widget elementor-widget-text-editor\" data-id=\"a05a1ad\" data-element_type=\"widget\" data-widget_type=\"text-editor.default\">\n\t\t\t\t<div class=\"elementor-widget-container\">\n\t\t\t\t\t\t\t\t<div class=\"elementor-text-editor elementor-clearfix\">\n\t\t\t\t<h2>5.<span style=\"font: 7.0pt 'Times New Roman';\"> \u00a0<\/span><strong>Het was een pionier stad en is zeer open.<\/strong><\/h2><p>Misschien vanwege zijn openheid, misschien wegens altijd zwemmend met het oog op de toekomst, is Torremolinos altijd een baanbrekende stad geweest die trends heeft gezet. Het was in het toerisme waar de eerste hotels aan de Costa del Sol hier hun eerste stappen gezet hebben. Het was tijdens de opening, onderdak gevend aan de eerste homobar en de eerste lesbische bar in Spanje, namelijk\u00a0 in La Nogalera. Het was op cultureel niveau en was jarenlang het hoofdkwartier van de belangrijkste succesketen in Spanje, Los 40 Principales. Het was pionier in de hippiecultuur dankzij de komst van de eerste hippies uit Spanje. En vandaag de dag is, op veel punten, is het nog steeds de eerste. Je kunt ze ontdekken in deze post, gewijd aan dit soort curiositeiten.<\/p><p>Link: <a href=\"https:\/\/blog.turismotorremolinos.es\/torremolinos-pionero\/\">https:\/\/blog.turismotorremolinos.es\/torremolinos-pionero\/<\/a><\/p>\t\t\t\t\t<\/div>\n\t\t\t\t\t\t<\/div>\n\t\t\t\t<\/div>\n\t\t\t\t\t\t<\/div>\n\t\t\t\t\t<\/div>\n\t\t<\/div>\n\t\t\t\t\t\t\t\t<\/div>\n\t\t\t\t\t<\/div>\n\t\t<\/section>\n\t\t\t\t\t\t<\/div>\n\t\t\t\t\t<\/div>\n\t\t<\/div>\n\t\t\t\t\t\t\t\t<\/div>\n\t\t\t\t\t<\/div>\n\t\t<\/section>\n\t\t\t\t<section class=\"elementor-section elementor-top-section elementor-element elementor-element-2a494c1 elementor-section-boxed elementor-section-height-default elementor-section-height-default\" data-id=\"2a494c1\" data-element_type=\"section\">\n\t\t\t\t\t\t<div class=\"elementor-container elementor-column-gap-default\">\n\t\t\t\t\t\t\t<div class=\"elementor-row\">\n\t\t\t\t\t<div class=\"elementor-column elementor-col-100 elementor-top-column elementor-element elementor-element-a36c58d\" data-id=\"a36c58d\" data-element_type=\"column\">\n\t\t\t<div class=\"elementor-column-wrap elementor-element-populated\">\n\t\t\t\t\t\t\t<div class=\"elementor-widget-wrap\">\n\t\t\t\t\t\t<section class=\"elementor-section elementor-inner-section elementor-element elementor-element-efc76df elementor-section-boxed elementor-section-height-default elementor-section-height-default\" data-id=\"efc76df\" data-element_type=\"section\">\n\t\t\t\t\t\t<div class=\"elementor-container elementor-column-gap-default\">\n\t\t\t\t\t\t\t<div class=\"elementor-row\">\n\t\t\t\t\t<div class=\"elementor-column elementor-col-100 elementor-inner-column elementor-element elementor-element-8aaa939\" data-id=\"8aaa939\" data-element_type=\"column\">\n\t\t\t<div class=\"elementor-column-wrap elementor-element-populated\">\n\t\t\t\t\t\t\t<div class=\"elementor-widget-wrap\">\n\t\t\t\t\t\t<div class=\"elementor-element elementor-element-b5519ca elementor-widget elementor-widget-image\" data-id=\"b5519ca\" data-element_type=\"widget\" data-widget_type=\"image.default\">\n\t\t\t\t<div class=\"elementor-widget-container\">\n\t\t\t\t\t\t\t\t<div class=\"elementor-image\">\n\t\t\t\t\t\t\t\t\t\t\t\t<img decoding=\"async\" width=\"960\" height=\"500\" src=\"https:\/\/blog.turismotorremolinos.es\/wp-content\/uploads\/2020\/05\/Blog-10-cosas-que-no-sabias-de-Torremolinos-Danza-Invisible-Portada-1.jpg\" class=\"attachment-large size-large wp-image-7686\" alt=\"\" loading=\"lazy\" srcset=\"https:\/\/blog.turismotorremolinos.es\/wp-content\/uploads\/2020\/05\/Blog-10-cosas-que-no-sabias-de-Torremolinos-Danza-Invisible-Portada-1.jpg 960w, https:\/\/blog.turismotorremolinos.es\/wp-content\/uploads\/2020\/05\/Blog-10-cosas-que-no-sabias-de-Torremolinos-Danza-Invisible-Portada-1-300x156.jpg 300w, https:\/\/blog.turismotorremolinos.es\/wp-content\/uploads\/2020\/05\/Blog-10-cosas-que-no-sabias-de-Torremolinos-Danza-Invisible-Portada-1-768x400.jpg 768w, https:\/\/blog.turismotorremolinos.es\/wp-content\/uploads\/2020\/05\/Blog-10-cosas-que-no-sabias-de-Torremolinos-Danza-Invisible-Portada-1-260x135.jpg 260w, https:\/\/blog.turismotorremolinos.es\/wp-content\/uploads\/2020\/05\/Blog-10-cosas-que-no-sabias-de-Torremolinos-Danza-Invisible-Portada-1-50x26.jpg 50w, https:\/\/blog.turismotorremolinos.es\/wp-content\/uploads\/2020\/05\/Blog-10-cosas-que-no-sabias-de-Torremolinos-Danza-Invisible-Portada-1-144x75.jpg 144w\" sizes=\"(max-width: 960px) 100vw, 960px\" \/>\t\t\t\t\t\t\t\t\t\t\t\t\t\t<\/div>\n\t\t\t\t\t\t<\/div>\n\t\t\t\t<\/div>\n\t\t\t\t<div class=\"elementor-element elementor-element-f3c84df elementor-widget elementor-widget-text-editor\" data-id=\"f3c84df\" data-element_type=\"widget\" data-widget_type=\"text-editor.default\">\n\t\t\t\t<div class=\"elementor-widget-container\">\n\t\t\t\t\t\t\t\t<div class=\"elementor-text-editor elementor-clearfix\">\n\t\t\t\t<h2>6. <strong>Wieg van grote Spaanse groepen zoals Danza Invisible<\/strong><\/h2><p>Torremolinos is ook een oord van geweldige muziekgroepen, vooral uit de jaren 80 en 90, die met hun successen al deel uitmaken van de geschiedenis van de Spaanse muziek. Dit is het geval bij Tabletom en Danza Invisible, twee groepen die trends bepalenden. Deze laatste, onder leiding van Javier Ojeda, is ook zeer binnenkort te zien in een muurschildering.<\/p>\t\t\t\t\t<\/div>\n\t\t\t\t\t\t<\/div>\n\t\t\t\t<\/div>\n\t\t\t\t\t\t<\/div>\n\t\t\t\t\t<\/div>\n\t\t<\/div>\n\t\t\t\t\t\t\t\t<\/div>\n\t\t\t\t\t<\/div>\n\t\t<\/section>\n\t\t\t\t<section class=\"elementor-section elementor-inner-section elementor-element elementor-element-181f454 elementor-section-boxed elementor-section-height-default elementor-section-height-default\" data-id=\"181f454\" data-element_type=\"section\">\n\t\t\t\t\t\t<div class=\"elementor-container elementor-column-gap-default\">\n\t\t\t\t\t\t\t<div class=\"elementor-row\">\n\t\t\t\t\t<div class=\"elementor-column elementor-col-50 elementor-inner-column elementor-element elementor-element-f8943de\" data-id=\"f8943de\" data-element_type=\"column\">\n\t\t\t<div class=\"elementor-column-wrap elementor-element-populated\">\n\t\t\t\t\t\t\t<div class=\"elementor-widget-wrap\">\n\t\t\t\t\t\t<div class=\"elementor-element elementor-element-9ad295e elementor-widget elementor-widget-image\" data-id=\"9ad295e\" data-element_type=\"widget\" data-widget_type=\"image.default\">\n\t\t\t\t<div class=\"elementor-widget-container\">\n\t\t\t\t\t\t\t\t<div class=\"elementor-image\">\n\t\t\t\t\t\t\t\t\t\t\t\t<img decoding=\"async\" width=\"800\" height=\"800\" src=\"https:\/\/blog.turismotorremolinos.es\/wp-content\/uploads\/2020\/05\/Blog-20-sitios-para-sonrie-en-Torremolinos-Arquitectura-Relax.jpg\" class=\"attachment-large size-large wp-image-7399\" alt=\"\" loading=\"lazy\" srcset=\"https:\/\/blog.turismotorremolinos.es\/wp-content\/uploads\/2020\/05\/Blog-20-sitios-para-sonrie-en-Torremolinos-Arquitectura-Relax.jpg 800w, https:\/\/blog.turismotorremolinos.es\/wp-content\/uploads\/2020\/05\/Blog-20-sitios-para-sonrie-en-Torremolinos-Arquitectura-Relax-150x150.jpg 150w, https:\/\/blog.turismotorremolinos.es\/wp-content\/uploads\/2020\/05\/Blog-20-sitios-para-sonrie-en-Torremolinos-Arquitectura-Relax-300x300.jpg 300w, https:\/\/blog.turismotorremolinos.es\/wp-content\/uploads\/2020\/05\/Blog-20-sitios-para-sonrie-en-Torremolinos-Arquitectura-Relax-768x768.jpg 768w, https:\/\/blog.turismotorremolinos.es\/wp-content\/uploads\/2020\/05\/Blog-20-sitios-para-sonrie-en-Torremolinos-Arquitectura-Relax-146x146.jpg 146w, https:\/\/blog.turismotorremolinos.es\/wp-content\/uploads\/2020\/05\/Blog-20-sitios-para-sonrie-en-Torremolinos-Arquitectura-Relax-50x50.jpg 50w, https:\/\/blog.turismotorremolinos.es\/wp-content\/uploads\/2020\/05\/Blog-20-sitios-para-sonrie-en-Torremolinos-Arquitectura-Relax-75x75.jpg 75w, https:\/\/blog.turismotorremolinos.es\/wp-content\/uploads\/2020\/05\/Blog-20-sitios-para-sonrie-en-Torremolinos-Arquitectura-Relax-85x85.jpg 85w, https:\/\/blog.turismotorremolinos.es\/wp-content\/uploads\/2020\/05\/Blog-20-sitios-para-sonrie-en-Torremolinos-Arquitectura-Relax-80x80.jpg 80w, https:\/\/blog.turismotorremolinos.es\/wp-content\/uploads\/2020\/05\/Blog-20-sitios-para-sonrie-en-Torremolinos-Arquitectura-Relax-500x500.jpg 500w\" sizes=\"(max-width: 800px) 100vw, 800px\" \/>\t\t\t\t\t\t\t\t\t\t\t\t\t\t<\/div>\n\t\t\t\t\t\t<\/div>\n\t\t\t\t<\/div>\n\t\t\t\t\t\t<\/div>\n\t\t\t\t\t<\/div>\n\t\t<\/div>\n\t\t\t\t<div class=\"elementor-column elementor-col-50 elementor-inner-column elementor-element elementor-element-8c61c38\" data-id=\"8c61c38\" data-element_type=\"column\">\n\t\t\t<div class=\"elementor-column-wrap elementor-element-populated\">\n\t\t\t\t\t\t\t<div class=\"elementor-widget-wrap\">\n\t\t\t\t\t\t<div class=\"elementor-element elementor-element-54634e9 elementor-widget elementor-widget-text-editor\" data-id=\"54634e9\" data-element_type=\"widget\" data-widget_type=\"text-editor.default\">\n\t\t\t\t<div class=\"elementor-widget-container\">\n\t\t\t\t\t\t\t\t<div class=\"elementor-text-editor elementor-clearfix\">\n\t\t\t\t<h2>7. <strong>Het is in talloze gelegenheden een filmset voor films en serie geweest<\/strong><\/h2><p>Onze stad is vaak een filmset geworden. Het was in de jaren 50, in de tijd van Landa en het is nu nog steeds, waar grote producers verliefd zijn geworden op Torremolinos om de sequenties van de nieuwste serie van het moment op te nemen. Toy Boy, Brigade Costa del Sol, The Crown. Als je een liefhebber bent van series en film, let dan goed op locaties, want in veel gevallen zie je hoekjes van onze stad.<\/p><p>Link:\u00a0 <u>https:\/\/blog.turismotorremolinos.es\/torremolinos-plato-de-cine\/<\/u><\/p>\t\t\t\t\t<\/div>\n\t\t\t\t\t\t<\/div>\n\t\t\t\t<\/div>\n\t\t\t\t\t\t<\/div>\n\t\t\t\t\t<\/div>\n\t\t<\/div>\n\t\t\t\t\t\t\t\t<\/div>\n\t\t\t\t\t<\/div>\n\t\t<\/section>\n\t\t\t\t<section class=\"elementor-section elementor-inner-section elementor-element elementor-element-b58608c elementor-section-boxed elementor-section-height-default elementor-section-height-default\" data-id=\"b58608c\" data-element_type=\"section\">\n\t\t\t\t\t\t<div class=\"elementor-container elementor-column-gap-default\">\n\t\t\t\t\t\t\t<div class=\"elementor-row\">\n\t\t\t\t\t<div class=\"elementor-column elementor-col-50 elementor-inner-column elementor-element elementor-element-0e16154\" data-id=\"0e16154\" data-element_type=\"column\">\n\t\t\t<div class=\"elementor-column-wrap elementor-element-populated\">\n\t\t\t\t\t\t\t<div class=\"elementor-widget-wrap\">\n\t\t\t\t\t\t<div class=\"elementor-element elementor-element-a61eec6 elementor-widget elementor-widget-text-editor\" data-id=\"a61eec6\" data-element_type=\"widget\" data-widget_type=\"text-editor.default\">\n\t\t\t\t<div class=\"elementor-widget-container\">\n\t\t\t\t\t\t\t\t<div class=\"elementor-text-editor elementor-clearfix\">\n\t\t\t\t<h2>8.Het was een filiaal van het Waxmuseum van Madame Tussauds, in Torremolinos<\/h2><p class=\"MsoNormal\"><span lang=\"es\">V\u00f3\u00f3r het waxmuseum van Barcelona en in hetzelfde jaar dat het waxmuseum van Madrid werd uitgebracht, werd in 1972 in Torremolinos een filiaal van Madame Tussauds, de beroemdste wassenbeeldenmuseum ter wereld, ingewijd. Het weerspiegelde historische figuren en sc\u00e8nes zoals die van Columbus met de katholieke vorsten; Felipe II met Isabel van Engeland; Hern\u00e1n Cort\u00e9s ontvangen door Moctzuma en Francisco Franco vergezeld door de Spaanse koningen, Don Juan Carlos en Do\u00f1a Sof\u00eda. Leiders als Nixon, Indira Gandhi, een zaal gewijd aan het stierenvechten. Het was het wassenbeeldenmuseum van Torremolinos, een echte shaker die halverwege de jaren 80 zijn deuren sloot, met bijna 90 figuren waar ook persoonlijkheden uit film, wetenschap en kunst waren zoals Dal\u00ed, Neil Armstrong, Walt Disney of Elizabeth Taylor.<\/span><\/p>\t\t\t\t\t<\/div>\n\t\t\t\t\t\t<\/div>\n\t\t\t\t<\/div>\n\t\t\t\t\t\t<\/div>\n\t\t\t\t\t<\/div>\n\t\t<\/div>\n\t\t\t\t<div class=\"elementor-column elementor-col-50 elementor-inner-column elementor-element elementor-element-ea0fb00\" data-id=\"ea0fb00\" data-element_type=\"column\">\n\t\t\t<div class=\"elementor-column-wrap elementor-element-populated\">\n\t\t\t\t\t\t\t<div class=\"elementor-widget-wrap\">\n\t\t\t\t\t\t<div class=\"elementor-element elementor-element-e31f66b elementor-widget elementor-widget-image\" data-id=\"e31f66b\" data-element_type=\"widget\" data-widget_type=\"image.default\">\n\t\t\t\t<div class=\"elementor-widget-container\">\n\t\t\t\t\t\t\t\t<div class=\"elementor-image\">\n\t\t\t\t\t\t\t\t\t\t\t\t<img decoding=\"async\" src=\"https:\/\/blog.turismotorremolinos.es\/wp-content\/uploads\/2020\/05\/Museo-de-Cera-1.jpg\" title=\"\" alt=\"\" loading=\"lazy\" \/>\t\t\t\t\t\t\t\t\t\t\t\t\t\t<\/div>\n\t\t\t\t\t\t<\/div>\n\t\t\t\t<\/div>\n\t\t\t\t<div class=\"elementor-element elementor-element-ccd4389 elementor-widget elementor-widget-image\" data-id=\"ccd4389\" data-element_type=\"widget\" data-widget_type=\"image.default\">\n\t\t\t\t<div class=\"elementor-widget-container\">\n\t\t\t\t\t\t\t\t<div class=\"elementor-image\">\n\t\t\t\t\t\t\t\t\t\t\t\t<img decoding=\"async\" width=\"800\" height=\"800\" src=\"https:\/\/blog.turismotorremolinos.es\/wp-content\/uploads\/2020\/01\/Blog-Torremolinos-una-ciudad-para-ir-a-pie-Plaza-Picasso.jpg\" class=\"attachment-large size-large wp-image-6253\" alt=\"\" loading=\"lazy\" srcset=\"https:\/\/blog.turismotorremolinos.es\/wp-content\/uploads\/2020\/01\/Blog-Torremolinos-una-ciudad-para-ir-a-pie-Plaza-Picasso.jpg 800w, https:\/\/blog.turismotorremolinos.es\/wp-content\/uploads\/2020\/01\/Blog-Torremolinos-una-ciudad-para-ir-a-pie-Plaza-Picasso-150x150.jpg 150w, https:\/\/blog.turismotorremolinos.es\/wp-content\/uploads\/2020\/01\/Blog-Torremolinos-una-ciudad-para-ir-a-pie-Plaza-Picasso-300x300.jpg 300w, https:\/\/blog.turismotorremolinos.es\/wp-content\/uploads\/2020\/01\/Blog-Torremolinos-una-ciudad-para-ir-a-pie-Plaza-Picasso-768x768.jpg 768w, https:\/\/blog.turismotorremolinos.es\/wp-content\/uploads\/2020\/01\/Blog-Torremolinos-una-ciudad-para-ir-a-pie-Plaza-Picasso-146x146.jpg 146w, https:\/\/blog.turismotorremolinos.es\/wp-content\/uploads\/2020\/01\/Blog-Torremolinos-una-ciudad-para-ir-a-pie-Plaza-Picasso-50x50.jpg 50w, https:\/\/blog.turismotorremolinos.es\/wp-content\/uploads\/2020\/01\/Blog-Torremolinos-una-ciudad-para-ir-a-pie-Plaza-Picasso-75x75.jpg 75w, https:\/\/blog.turismotorremolinos.es\/wp-content\/uploads\/2020\/01\/Blog-Torremolinos-una-ciudad-para-ir-a-pie-Plaza-Picasso-85x85.jpg 85w, https:\/\/blog.turismotorremolinos.es\/wp-content\/uploads\/2020\/01\/Blog-Torremolinos-una-ciudad-para-ir-a-pie-Plaza-Picasso-80x80.jpg 80w, https:\/\/blog.turismotorremolinos.es\/wp-content\/uploads\/2020\/01\/Blog-Torremolinos-una-ciudad-para-ir-a-pie-Plaza-Picasso-500x500.jpg 500w\" sizes=\"(max-width: 800px) 100vw, 800px\" \/>\t\t\t\t\t\t\t\t\t\t\t\t\t\t<\/div>\n\t\t\t\t\t\t<\/div>\n\t\t\t\t<\/div>\n\t\t\t\t\t\t<\/div>\n\t\t\t\t\t<\/div>\n\t\t<\/div>\n\t\t\t\t\t\t\t\t<\/div>\n\t\t\t\t\t<\/div>\n\t\t<\/section>\n\t\t\t\t<section class=\"elementor-section elementor-inner-section elementor-element elementor-element-d824f38 elementor-section-boxed elementor-section-height-default elementor-section-height-default\" data-id=\"d824f38\" data-element_type=\"section\">\n\t\t\t\t\t\t<div class=\"elementor-container elementor-column-gap-default\">\n\t\t\t\t\t\t\t<div class=\"elementor-row\">\n\t\t\t\t\t<div class=\"elementor-column elementor-col-50 elementor-inner-column elementor-element elementor-element-b0b2b73\" data-id=\"b0b2b73\" data-element_type=\"column\">\n\t\t\t<div class=\"elementor-column-wrap elementor-element-populated\">\n\t\t\t\t\t\t\t<div class=\"elementor-widget-wrap\">\n\t\t\t\t\t\t<div class=\"elementor-element elementor-element-fa7446c elementor-widget elementor-widget-image\" data-id=\"fa7446c\" data-element_type=\"widget\" data-widget_type=\"image.default\">\n\t\t\t\t<div class=\"elementor-widget-container\">\n\t\t\t\t\t\t\t\t<div class=\"elementor-image\">\n\t\t\t\t\t\t\t\t\t\t\t\t<img decoding=\"async\" width=\"800\" height=\"800\" src=\"https:\/\/blog.turismotorremolinos.es\/wp-content\/uploads\/2019\/09\/Blog-Dia-del-Turismo-mural-sinatra.jpg\" class=\"attachment-full size-full wp-image-8510\" alt=\"\" loading=\"lazy\" srcset=\"https:\/\/blog.turismotorremolinos.es\/wp-content\/uploads\/2019\/09\/Blog-Dia-del-Turismo-mural-sinatra.jpg 800w, https:\/\/blog.turismotorremolinos.es\/wp-content\/uploads\/2019\/09\/Blog-Dia-del-Turismo-mural-sinatra-150x150.jpg 150w, https:\/\/blog.turismotorremolinos.es\/wp-content\/uploads\/2019\/09\/Blog-Dia-del-Turismo-mural-sinatra-300x300.jpg 300w, https:\/\/blog.turismotorremolinos.es\/wp-content\/uploads\/2019\/09\/Blog-Dia-del-Turismo-mural-sinatra-768x768.jpg 768w, https:\/\/blog.turismotorremolinos.es\/wp-content\/uploads\/2019\/09\/Blog-Dia-del-Turismo-mural-sinatra-146x146.jpg 146w, https:\/\/blog.turismotorremolinos.es\/wp-content\/uploads\/2019\/09\/Blog-Dia-del-Turismo-mural-sinatra-50x50.jpg 50w, https:\/\/blog.turismotorremolinos.es\/wp-content\/uploads\/2019\/09\/Blog-Dia-del-Turismo-mural-sinatra-75x75.jpg 75w, https:\/\/blog.turismotorremolinos.es\/wp-content\/uploads\/2019\/09\/Blog-Dia-del-Turismo-mural-sinatra-85x85.jpg 85w, https:\/\/blog.turismotorremolinos.es\/wp-content\/uploads\/2019\/09\/Blog-Dia-del-Turismo-mural-sinatra-80x80.jpg 80w, https:\/\/blog.turismotorremolinos.es\/wp-content\/uploads\/2019\/09\/Blog-Dia-del-Turismo-mural-sinatra-500x500.jpg 500w\" sizes=\"(max-width: 800px) 100vw, 800px\" \/>\t\t\t\t\t\t\t\t\t\t\t\t\t\t<\/div>\n\t\t\t\t\t\t<\/div>\n\t\t\t\t<\/div>\n\t\t\t\t\t\t<\/div>\n\t\t\t\t\t<\/div>\n\t\t<\/div>\n\t\t\t\t<div class=\"elementor-column elementor-col-50 elementor-inner-column elementor-element elementor-element-a7423d1\" data-id=\"a7423d1\" data-element_type=\"column\">\n\t\t\t<div class=\"elementor-column-wrap elementor-element-populated\">\n\t\t\t\t\t\t\t<div class=\"elementor-widget-wrap\">\n\t\t\t\t\t\t<div class=\"elementor-element elementor-element-d1c0cd7 elementor-widget elementor-widget-image\" data-id=\"d1c0cd7\" data-element_type=\"widget\" data-widget_type=\"image.default\">\n\t\t\t\t<div class=\"elementor-widget-container\">\n\t\t\t\t\t\t\t\t<div class=\"elementor-image\">\n\t\t\t\t\t\t\t\t\t\t\t\t<img decoding=\"async\" width=\"800\" height=\"800\" src=\"https:\/\/blog.turismotorremolinos.es\/wp-content\/uploads\/2020\/05\/Blog-Hoteles-renovados-en-Torremolinos-12.jpg\" class=\"attachment-large size-large wp-image-7592\" alt=\"\" loading=\"lazy\" srcset=\"https:\/\/blog.turismotorremolinos.es\/wp-content\/uploads\/2020\/05\/Blog-Hoteles-renovados-en-Torremolinos-12.jpg 800w, https:\/\/blog.turismotorremolinos.es\/wp-content\/uploads\/2020\/05\/Blog-Hoteles-renovados-en-Torremolinos-12-150x150.jpg 150w, https:\/\/blog.turismotorremolinos.es\/wp-content\/uploads\/2020\/05\/Blog-Hoteles-renovados-en-Torremolinos-12-300x300.jpg 300w, https:\/\/blog.turismotorremolinos.es\/wp-content\/uploads\/2020\/05\/Blog-Hoteles-renovados-en-Torremolinos-12-768x768.jpg 768w, https:\/\/blog.turismotorremolinos.es\/wp-content\/uploads\/2020\/05\/Blog-Hoteles-renovados-en-Torremolinos-12-146x146.jpg 146w, https:\/\/blog.turismotorremolinos.es\/wp-content\/uploads\/2020\/05\/Blog-Hoteles-renovados-en-Torremolinos-12-50x50.jpg 50w, https:\/\/blog.turismotorremolinos.es\/wp-content\/uploads\/2020\/05\/Blog-Hoteles-renovados-en-Torremolinos-12-75x75.jpg 75w, https:\/\/blog.turismotorremolinos.es\/wp-content\/uploads\/2020\/05\/Blog-Hoteles-renovados-en-Torremolinos-12-85x85.jpg 85w, https:\/\/blog.turismotorremolinos.es\/wp-content\/uploads\/2020\/05\/Blog-Hoteles-renovados-en-Torremolinos-12-80x80.jpg 80w, https:\/\/blog.turismotorremolinos.es\/wp-content\/uploads\/2020\/05\/Blog-Hoteles-renovados-en-Torremolinos-12-500x500.jpg 500w\" sizes=\"(max-width: 800px) 100vw, 800px\" \/>\t\t\t\t\t\t\t\t\t\t\t\t\t\t<\/div>\n\t\t\t\t\t\t<\/div>\n\t\t\t\t<\/div>\n\t\t\t\t\t\t<\/div>\n\t\t\t\t\t<\/div>\n\t\t<\/div>\n\t\t\t\t\t\t\t\t<\/div>\n\t\t\t\t\t<\/div>\n\t\t<\/section>\n\t\t\t\t<div class=\"elementor-element elementor-element-6fc0be3 elementor-widget elementor-widget-text-editor\" data-id=\"6fc0be3\" data-element_type=\"widget\" data-widget_type=\"text-editor.default\">\n\t\t\t\t<div class=\"elementor-widget-container\">\n\t\t\t\t\t\t\t\t<div class=\"elementor-text-editor elementor-clearfix\">\n\t\t\t\t<h2>9.<strong>Het heeft enkele Romeinse archeologische vindplaatsen<\/strong><strong>, <\/strong><strong>La Ciza\u00f1a<\/strong><\/h2><p>Romeinse villa gelegen aan de kust, aan de oostelijke rand van de gemeente Torremolinos, grenzend aan die van Malaga. Geschat wordt dat het dateert uit de 1e eeuw voor Christus. en de 3e na Chr. in deze kustnederzetting kunnen industri\u00eble en commerci\u00eble faciliteiten voor voedselproducten die verband houden met de zee en de landbouwproductie in dit gebied worden ge\u00efdentificeerd. Bijzonder goed bewaard gebleven zijn de spoelbakken voor de bereiding van gezouten vlees en de \u00abgarum\u00bb -saus. Evenzo worden woonwijken, een thermaal complex en talrijke keramische overblijfselen erkend.<\/p>\t\t\t\t\t<\/div>\n\t\t\t\t\t\t<\/div>\n\t\t\t\t<\/div>\n\t\t\t\t\t\t<\/div>\n\t\t\t\t\t<\/div>\n\t\t<\/div>\n\t\t\t\t\t\t\t\t<\/div>\n\t\t\t\t\t<\/div>\n\t\t<\/section>\n\t\t\t\t<section class=\"elementor-section elementor-top-section elementor-element elementor-element-eeea87b elementor-section-boxed elementor-section-height-default elementor-section-height-default\" data-id=\"eeea87b\" data-element_type=\"section\">\n\t\t\t\t\t\t<div class=\"elementor-container elementor-column-gap-default\">\n\t\t\t\t\t\t\t<div class=\"elementor-row\">\n\t\t\t\t\t<div class=\"elementor-column elementor-col-50 elementor-top-column elementor-element elementor-element-e792660\" data-id=\"e792660\" data-element_type=\"column\">\n\t\t\t<div class=\"elementor-column-wrap elementor-element-populated\">\n\t\t\t\t\t\t\t<div class=\"elementor-widget-wrap\">\n\t\t\t\t\t\t<div class=\"elementor-element elementor-element-742435b elementor-widget elementor-widget-image\" data-id=\"742435b\" data-element_type=\"widget\" data-widget_type=\"image.default\">\n\t\t\t\t<div class=\"elementor-widget-container\">\n\t\t\t\t\t\t\t\t<div class=\"elementor-image\">\n\t\t\t\t\t\t\t\t\t\t\t\t<img decoding=\"async\" width=\"800\" height=\"800\" src=\"https:\/\/blog.turismotorremolinos.es\/wp-content\/uploads\/2020\/04\/Blog-El-Morro-Paseo.png\" class=\"attachment-large size-large wp-image-7314\" alt=\"\" loading=\"lazy\" srcset=\"https:\/\/blog.turismotorremolinos.es\/wp-content\/uploads\/2020\/04\/Blog-El-Morro-Paseo.png 800w, https:\/\/blog.turismotorremolinos.es\/wp-content\/uploads\/2020\/04\/Blog-El-Morro-Paseo-150x150.png 150w, https:\/\/blog.turismotorremolinos.es\/wp-content\/uploads\/2020\/04\/Blog-El-Morro-Paseo-300x300.png 300w, https:\/\/blog.turismotorremolinos.es\/wp-content\/uploads\/2020\/04\/Blog-El-Morro-Paseo-768x768.png 768w, https:\/\/blog.turismotorremolinos.es\/wp-content\/uploads\/2020\/04\/Blog-El-Morro-Paseo-146x146.png 146w, https:\/\/blog.turismotorremolinos.es\/wp-content\/uploads\/2020\/04\/Blog-El-Morro-Paseo-50x50.png 50w, https:\/\/blog.turismotorremolinos.es\/wp-content\/uploads\/2020\/04\/Blog-El-Morro-Paseo-75x75.png 75w, https:\/\/blog.turismotorremolinos.es\/wp-content\/uploads\/2020\/04\/Blog-El-Morro-Paseo-85x85.png 85w, https:\/\/blog.turismotorremolinos.es\/wp-content\/uploads\/2020\/04\/Blog-El-Morro-Paseo-80x80.png 80w, https:\/\/blog.turismotorremolinos.es\/wp-content\/uploads\/2020\/04\/Blog-El-Morro-Paseo-500x500.png 500w\" sizes=\"(max-width: 800px) 100vw, 800px\" \/>\t\t\t\t\t\t\t\t\t\t\t\t\t\t<\/div>\n\t\t\t\t\t\t<\/div>\n\t\t\t\t<\/div>\n\t\t\t\t\t\t<\/div>\n\t\t\t\t\t<\/div>\n\t\t<\/div>\n\t\t\t\t<div class=\"elementor-column elementor-col-50 elementor-top-column elementor-element elementor-element-4ffcd88\" data-id=\"4ffcd88\" data-element_type=\"column\">\n\t\t\t<div class=\"elementor-column-wrap elementor-element-populated\">\n\t\t\t\t\t\t\t<div class=\"elementor-widget-wrap\">\n\t\t\t\t\t\t<div class=\"elementor-element elementor-element-7ea1f79 elementor-widget elementor-widget-text-editor\" data-id=\"7ea1f79\" data-element_type=\"widget\" data-widget_type=\"text-editor.default\">\n\t\t\t\t<div class=\"elementor-widget-container\">\n\t\t\t\t\t\t\t\t<div class=\"elementor-text-editor elementor-clearfix\">\n\t\t\t\t<h2>10. Het heeft \u00e9\u00e9n van de meest indrukwekkende kustomgeving in de provincie Malaga: El Morro<\/h2><p>Iedereen die Torremolinos bezoekt, blijft opgaan in deze natuurlijke hoek die ooit diende om de stranden van La Carihuela en Bajondillo te verdelen, nu door de promenade verbonden. El Morro of La Punta de Torremolinos is ongetwijfeld \u00e9\u00e9n van de meest indrukwekkende kustplekken in de provincie.<\/p>\t\t\t\t\t<\/div>\n\t\t\t\t\t\t<\/div>\n\t\t\t\t<\/div>\n\t\t\t\t\t\t<\/div>\n\t\t\t\t\t<\/div>\n\t\t<\/div>\n\t\t\t\t\t\t\t\t<\/div>\n\t\t\t\t\t<\/div>\n\t\t<\/section>\n\t\t\t\t\t\t\t\t\t<\/div>\n\t\t\t<\/div>\n\t\t\t\t\t<\/div>","protected":false},"excerpt":{"rendered":"<p>Torremolinos is ongetwijfeld \u00e9\u00e9n van uw favoriete bestemmingen om op<span class=\"excerpt-hellip\"> [\u2026]<\/span><\/p>","protected":false},"author":1,"featured_media":7665,"comment_status":"open","ping_status":"open","sticky":false,"template":"","format":"standard","meta":[],"categories":[241,200],"tags":[],"yoast_head":"<!-- This site is optimized with the Yoast SEO plugin v19.7.1 - https:\/\/yoast.com\/wordpress\/plugins\/seo\/ -->\n<title>10 dingen die je niet wist over Torremolinos &bull; Blog Turismo Torremolinos<\/title>\n<meta name=\"description\" content=\"Torremolinos is ongetwijfeld \u00e9\u00e9n van uw favoriete bestemmingen om op vakantie te komen, dankzij de pioniersgeest, de grote vriendelijkheid van de mensen\" \/>\n<meta name=\"robots\" content=\"index, follow, max-snippet:-1, max-image-preview:large, max-video-preview:-1\" \/>\n<link rel=\"canonical\" href=\"https:\/\/blog.turismotorremolinos.es\/nl\/10-dingen-die-je-niet-wist-over-torremolinos\/\" \/>\n<meta property=\"og:locale\" content=\"nl_NL\" \/>\n<meta property=\"og:type\" content=\"article\" \/>\n<meta property=\"og:title\" content=\"10 dingen die je niet wist over Torremolinos &bull; Blog Turismo Torremolinos\" \/>\n<meta property=\"og:description\" content=\"Torremolinos is ongetwijfeld \u00e9\u00e9n van uw favoriete bestemmingen om op vakantie te komen, dankzij de pioniersgeest, de grote vriendelijkheid van de mensen\" \/>\n<meta property=\"og:url\" content=\"https:\/\/blog.turismotorremolinos.es\/nl\/10-dingen-die-je-niet-wist-over-torremolinos\/\" \/>\n<meta property=\"og:site_name\" content=\"Blog Turismo Ayuntamiento de Torremolinos\" \/>\n<meta property=\"article:publisher\" content=\"https:\/\/www.facebook.com\/turismotorremolinos\/\" \/>\n<meta property=\"article:published_time\" content=\"2020-05-26T10:49:50+00:00\" \/>\n<meta property=\"article:modified_time\" content=\"2022-12-27T10:49:12+00:00\" \/>\n<meta property=\"og:image\" content=\"https:\/\/blog.turismotorremolinos.es\/wp-content\/uploads\/2020\/05\/Blog-10-cosas-que-no-sabias-de-Torremolinos-El-Morro.jpg\" \/>\n\t<meta property=\"og:image:width\" content=\"960\" \/>\n\t<meta property=\"og:image:height\" content=\"500\" \/>\n\t<meta property=\"og:image:type\" content=\"image\/jpeg\" \/>\n<meta name=\"author\" content=\"Torremolinos Turismo\" \/>\n<meta name=\"twitter:card\" content=\"summary_large_image\" \/>\n<meta name=\"twitter:creator\" content=\"@_TTorremolinos\" \/>\n<meta name=\"twitter:site\" content=\"@_TTorremolinos\" \/>\n<meta name=\"twitter:label1\" content=\"Geschreven door\" \/>\n\t<meta name=\"twitter:data1\" content=\"Torremolinos Turismo\" \/>\n\t<meta name=\"twitter:label2\" content=\"Verwachte leestijd\" \/>\n\t<meta name=\"twitter:data2\" content=\"5 minuten\" \/>\n<script type=\"application\/ld+json\" class=\"yoast-schema-graph\">{\"@context\":\"https:\/\/schema.org\",\"@graph\":[{\"@type\":\"WebPage\",\"@id\":\"https:\/\/blog.turismotorremolinos.es\/nl\/10-dingen-die-je-niet-wist-over-torremolinos\/\",\"url\":\"https:\/\/blog.turismotorremolinos.es\/nl\/10-dingen-die-je-niet-wist-over-torremolinos\/\",\"name\":\"10 dingen die je niet wist over Torremolinos &bull; Blog Turismo Torremolinos\",\"isPartOf\":{\"@id\":\"https:\/\/blog.turismotorremolinos.es\/#website\"},\"datePublished\":\"2020-05-26T10:49:50+00:00\",\"dateModified\":\"2022-12-27T10:49:12+00:00\",\"author\":{\"@id\":\"https:\/\/blog.turismotorremolinos.es\/#\/schema\/person\/2de89ded0c0b9495bc4ed40313831691\"},\"description\":\"Torremolinos is ongetwijfeld \u00e9\u00e9n van uw favoriete bestemmingen om op vakantie te komen, dankzij de pioniersgeest, de grote vriendelijkheid van de mensen\",\"breadcrumb\":{\"@id\":\"https:\/\/blog.turismotorremolinos.es\/nl\/10-dingen-die-je-niet-wist-over-torremolinos\/#breadcrumb\"},\"inLanguage\":\"nl\",\"potentialAction\":[{\"@type\":\"ReadAction\",\"target\":[\"https:\/\/blog.turismotorremolinos.es\/nl\/10-dingen-die-je-niet-wist-over-torremolinos\/\"]}]},{\"@type\":\"BreadcrumbList\",\"@id\":\"https:\/\/blog.turismotorremolinos.es\/nl\/10-dingen-die-je-niet-wist-over-torremolinos\/#breadcrumb\",\"itemListElement\":[{\"@type\":\"ListItem\",\"position\":1,\"name\":\"Portada\",\"item\":\"https:\/\/blog.turismotorremolinos.es\/nl\/\"},{\"@type\":\"ListItem\",\"position\":2,\"name\":\"10 dingen die je niet wist over Torremolinos\"}]},{\"@type\":\"WebSite\",\"@id\":\"https:\/\/blog.turismotorremolinos.es\/#website\",\"url\":\"https:\/\/blog.turismotorremolinos.es\/\",\"name\":\"Blog Turismo Ayuntamiento de Torremolinos\",\"description\":\"Blo de Turismo del Ayuntamiento de Torremolinos\",\"potentialAction\":[{\"@type\":\"SearchAction\",\"target\":{\"@type\":\"EntryPoint\",\"urlTemplate\":\"https:\/\/blog.turismotorremolinos.es\/?s={search_term_string}\"},\"query-input\":\"required name=search_term_string\"}],\"inLanguage\":\"nl\"},{\"@type\":\"Person\",\"@id\":\"https:\/\/blog.turismotorremolinos.es\/#\/schema\/person\/2de89ded0c0b9495bc4ed40313831691\",\"name\":\"Torremolinos Turismo\",\"image\":{\"@type\":\"ImageObject\",\"inLanguage\":\"nl\",\"@id\":\"https:\/\/blog.turismotorremolinos.es\/#\/schema\/person\/image\/\",\"url\":\"https:\/\/blog.turismotorremolinos.es\/wp-content\/uploads\/2019\/01\/apple-touch-icon-blog-ayuntamiento-torremolinos-146x146.jpg\",\"contentUrl\":\"https:\/\/blog.turismotorremolinos.es\/wp-content\/uploads\/2019\/01\/apple-touch-icon-blog-ayuntamiento-torremolinos-146x146.jpg\",\"caption\":\"Torremolinos Turismo\"},\"description\":\"Navega por nuestro blog y descubrir\u00e1s que Torremolinos, aunque siempre lo relacionemos con playa y verano, tambi\u00e9n es un destino cultural y moderno donde se pueden visitar rincones tan originales como el Jard\u00edn Bot\u00e1nico o dar un vuelta a bordo de una j\u00e1bega tradicional.\",\"url\":\"https:\/\/blog.turismotorremolinos.es\/nl\/author\/torremolinos-turismo\/\"}]}<\/script>\n<!-- \/ Yoast SEO plugin. -->","yoast_head_json":{"title":"10 dingen die je niet wist over Torremolinos &bull; Blog Turismo Torremolinos","description":"Torremolinos is ongetwijfeld \u00e9\u00e9n van uw favoriete bestemmingen om op vakantie te komen, dankzij de pioniersgeest, de grote vriendelijkheid van de mensen","robots":{"index":"index","follow":"follow","max-snippet":"max-snippet:-1","max-image-preview":"max-image-preview:large","max-video-preview":"max-video-preview:-1"},"canonical":"https:\/\/blog.turismotorremolinos.es\/nl\/10-dingen-die-je-niet-wist-over-torremolinos\/","og_locale":"nl_NL","og_type":"article","og_title":"10 dingen die je niet wist over Torremolinos &bull; Blog Turismo Torremolinos","og_description":"Torremolinos is ongetwijfeld \u00e9\u00e9n van uw favoriete bestemmingen om op vakantie te komen, dankzij de pioniersgeest, de grote vriendelijkheid van de mensen","og_url":"https:\/\/blog.turismotorremolinos.es\/nl\/10-dingen-die-je-niet-wist-over-torremolinos\/","og_site_name":"Blog Turismo Ayuntamiento de Torremolinos","article_publisher":"https:\/\/www.facebook.com\/turismotorremolinos\/","article_published_time":"2020-05-26T10:49:50+00:00","article_modified_time":"2022-12-27T10:49:12+00:00","og_image":[{"width":960,"height":500,"url":"https:\/\/blog.turismotorremolinos.es\/wp-content\/uploads\/2020\/05\/Blog-10-cosas-que-no-sabias-de-Torremolinos-El-Morro.jpg","type":"image\/jpeg"}],"author":"Torremolinos Turismo","twitter_card":"summary_large_image","twitter_creator":"@_TTorremolinos","twitter_site":"@_TTorremolinos","twitter_misc":{"Geschreven door":"Torremolinos Turismo","Verwachte leestijd":"5 minuten"},"schema":{"@context":"https:\/\/schema.org","@graph":[{"@type":"WebPage","@id":"https:\/\/blog.turismotorremolinos.es\/nl\/10-dingen-die-je-niet-wist-over-torremolinos\/","url":"https:\/\/blog.turismotorremolinos.es\/nl\/10-dingen-die-je-niet-wist-over-torremolinos\/","name":"10 dingen die je niet wist over Torremolinos &bull; Blog Turismo Torremolinos","isPartOf":{"@id":"https:\/\/blog.turismotorremolinos.es\/#website"},"datePublished":"2020-05-26T10:49:50+00:00","dateModified":"2022-12-27T10:49:12+00:00","author":{"@id":"https:\/\/blog.turismotorremolinos.es\/#\/schema\/person\/2de89ded0c0b9495bc4ed40313831691"},"description":"Torremolinos is ongetwijfeld \u00e9\u00e9n van uw favoriete bestemmingen om op vakantie te komen, dankzij de pioniersgeest, de grote vriendelijkheid van de mensen","breadcrumb":{"@id":"https:\/\/blog.turismotorremolinos.es\/nl\/10-dingen-die-je-niet-wist-over-torremolinos\/#breadcrumb"},"inLanguage":"nl","potentialAction":[{"@type":"ReadAction","target":["https:\/\/blog.turismotorremolinos.es\/nl\/10-dingen-die-je-niet-wist-over-torremolinos\/"]}]},{"@type":"BreadcrumbList","@id":"https:\/\/blog.turismotorremolinos.es\/nl\/10-dingen-die-je-niet-wist-over-torremolinos\/#breadcrumb","itemListElement":[{"@type":"ListItem","position":1,"name":"Portada","item":"https:\/\/blog.turismotorremolinos.es\/nl\/"},{"@type":"ListItem","position":2,"name":"10 dingen die je niet wist over Torremolinos"}]},{"@type":"WebSite","@id":"https:\/\/blog.turismotorremolinos.es\/#website","url":"https:\/\/blog.turismotorremolinos.es\/","name":"Blog Turismo Ayuntamiento de Torremolinos","description":"Blo de Turismo del Ayuntamiento de Torremolinos","potentialAction":[{"@type":"SearchAction","target":{"@type":"EntryPoint","urlTemplate":"https:\/\/blog.turismotorremolinos.es\/?s={search_term_string}"},"query-input":"required name=search_term_string"}],"inLanguage":"nl"},{"@type":"Person","@id":"https:\/\/blog.turismotorremolinos.es\/#\/schema\/person\/2de89ded0c0b9495bc4ed40313831691","name":"Torremolinos Turismo","image":{"@type":"ImageObject","inLanguage":"nl","@id":"https:\/\/blog.turismotorremolinos.es\/#\/schema\/person\/image\/","url":"https:\/\/blog.turismotorremolinos.es\/wp-content\/uploads\/2019\/01\/apple-touch-icon-blog-ayuntamiento-torremolinos-146x146.jpg","contentUrl":"https:\/\/blog.turismotorremolinos.es\/wp-content\/uploads\/2019\/01\/apple-touch-icon-blog-ayuntamiento-torremolinos-146x146.jpg","caption":"Torremolinos Turismo"},"description":"Navega por nuestro blog y descubrir\u00e1s que Torremolinos, aunque siempre lo relacionemos con playa y verano, tambi\u00e9n es un destino cultural y moderno donde se pueden visitar rincones tan originales como el Jard\u00edn Bot\u00e1nico o dar un vuelta a bordo de una j\u00e1bega tradicional.","url":"https:\/\/blog.turismotorremolinos.es\/nl\/author\/torremolinos-turismo\/"}]}},"_links":{"self":[{"href":"https:\/\/blog.turismotorremolinos.es\/nl\/wp-json\/wp\/v2\/posts\/7744"}],"collection":[{"href":"https:\/\/blog.turismotorremolinos.es\/nl\/wp-json\/wp\/v2\/posts"}],"about":[{"href":"https:\/\/blog.turismotorremolinos.es\/nl\/wp-json\/wp\/v2\/types\/post"}],"author":[{"embeddable":true,"href":"https:\/\/blog.turismotorremolinos.es\/nl\/wp-json\/wp\/v2\/users\/1"}],"replies":[{"embeddable":true,"href":"https:\/\/blog.turismotorremolinos.es\/nl\/wp-json\/wp\/v2\/comments?post=7744"}],"version-history":[{"count":1,"href":"https:\/\/blog.turismotorremolinos.es\/nl\/wp-json\/wp\/v2\/posts\/7744\/revisions"}],"predecessor-version":[{"id":15720,"href":"https:\/\/blog.turismotorremolinos.es\/nl\/wp-json\/wp\/v2\/posts\/7744\/revisions\/15720"}],"wp:featuredmedia":[{"embeddable":true,"href":"https:\/\/blog.turismotorremolinos.es\/nl\/wp-json\/wp\/v2\/media\/7665"}],"wp:attachment":[{"href":"https:\/\/blog.turismotorremolinos.es\/nl\/wp-json\/wp\/v2\/media?parent=7744"}],"wp:term":[{"taxonomy":"category","embeddable":true,"href":"https:\/\/blog.turismotorremolinos.es\/nl\/wp-json\/wp\/v2\/categories?post=7744"},{"taxonomy":"post_tag","embeddable":true,"href":"https:\/\/blog.turismotorremolinos.es\/nl\/wp-json\/wp\/v2\/tags?post=7744"}],"curies":[{"name":"wp","href":"https:\/\/api.w.org\/{rel}","templated":true}]}}